{"id":5803,"date":"2023-11-01T12:04:47","date_gmt":"2023-11-01T10:04:47","guid":{"rendered":"https:\/\/indic.cat\/?p=5803"},"modified":"2024-07-22T12:10:42","modified_gmt":"2024-07-22T10:10:42","slug":"mas-de-250-personas-de-los-sectores-productivos-participan-en-la-conferencia-prospectiva-2023-26-del-sistema-fpcat","status":"publish","type":"post","link":"https:\/\/indic.cat\/es\/sin-categorizar\/mas-de-250-personas-de-los-sectores-productivos-participan-en-la-conferencia-prospectiva-2023-26-del-sistema-fpcat\/","title":{"rendered":"M\u00e1s de 250 personas de los sectores productivos participan en la Conferencia Prospectiva 2023-26 del sistema FPCAT"},"content":{"rendered":"<p>El Govern ha convocado los 10 consejos sectoriales del Sistema de Formaci\u00f3n y Calificaci\u00f3n Profesionales de Catalunya a participar el d\u00eda 6 de octubre de 2023 en la Conferencia Prospectiva 2023-26, que ha tenido como finalidad convertirse en un motor para establecer los criterios de planificaci\u00f3n de los tres Servicios B\u00e1sicos del Sistema FPCAT que configuran la formaci\u00f3n, orientaci\u00f3n y acreditaci\u00f3n. Ha sido la primera vez que el Govern ha reunido de forma presencial a las personas miembros de los 10 consejos sectoriales y lo ha hecho para profundizar en la situaci\u00f3n concreta de los diferentes sectores productivos.<\/p>\n<p>Durante la jornada, las m\u00e1s de 250 personas invitadas han analizado, contrastado y enriquecido los resultados de la encuesta de prospecci\u00f3n de necesidades formativas del Sistema FPCAT y han determinado las necesidades de formaci\u00f3n y cualificaci\u00f3n profesional. Los debates, dinamizados por INDIC, se han organizado en 10 grupos distintos que han permitido a cada uno de los consejos sectoriales reflexionar en profundidad sobre su sector productivo. Los resultados de la conferencia se integrar\u00e1n en el Informe General de Prospectiva 2023-2026.<\/p>\n","protected":false},"excerpt":{"rendered":"<p>El Govern ha convocado los 10 consejos sectoriales del Sistema de Formaci\u00f3n y Calificaci\u00f3n Profesionales de Catalunya a participar el d\u00eda 6 de octubre de 2023 en la Conferencia Prospectiva 2023-26, que ha tenido como finalidad convertirse en un motor para establecer los criterios de planificaci\u00f3n de los tres Servicios B\u00e1sicos del Sistema FPCAT que [&hellip;]<\/p>\n","protected":false},"author":3,"featured_media":5804,"comment_status":"closed","ping_status":"closed","sticky":false,"template":"","format":"standard","meta":{"_acf_changed":false,"footnotes":""},"categories":[2],"tags":[],"class_list":["post-5803","post","type-post","status-publish","format-standard","has-post-thumbnail","hentry","category-sin-categorizar"],"acf":[],"yoast_head":"<!-- This site is optimized with the Yoast SEO plugin v27.4 - https:\/\/yoast.com\/product\/yoast-seo-wordpress\/ -->\n<title>M\u00e1s de 250 personas de los sectores productivos participan en la Conferencia Prospectiva 2023-26 del sistema FPCAT - My CMS<\/title>\n<meta name=\"description\" content=\"Indic dinamiza los espacios de debate de Conferencia Prospectiva 2023-26, que ha reunido a m\u00e1s de 250 de los sectores productivos de los 10 consejos sectoriales del Sistema de Formaci\u00f3n y Cualificaci\u00f3n Profesionales de Catalu\u00f1a.\" \/>\n<meta name=\"robots\" content=\"index, follow, max-snippet:-1, max-image-preview:large, max-video-preview:-1\" \/>\n<link rel=\"canonical\" href=\"https:\/\/indic.cat\/es\/sin-categorizar\/mas-de-250-personas-de-los-sectores-productivos-participan-en-la-conferencia-prospectiva-2023-26-del-sistema-fpcat\/\" \/>\n<meta property=\"og:locale\" content=\"es_ES\" \/>\n<meta property=\"og:type\" content=\"article\" \/>\n<meta property=\"og:title\" content=\"M\u00e1s de 250 personas de los sectores productivos participan en la Conferencia Prospectiva 2023-26 del sistema FPCAT - My CMS\" \/>\n<meta property=\"og:description\" content=\"Indic dinamiza los espacios de debate de Conferencia Prospectiva 2023-26, que ha reunido a m\u00e1s de 250 de los sectores productivos de los 10 consejos sectoriales del Sistema de Formaci\u00f3n y Cualificaci\u00f3n Profesionales de Catalu\u00f1a.\" \/>\n<meta property=\"og:url\" content=\"https:\/\/indic.cat\/es\/sin-categorizar\/mas-de-250-personas-de-los-sectores-productivos-participan-en-la-conferencia-prospectiva-2023-26-del-sistema-fpcat\/\" \/>\n<meta property=\"og:site_name\" content=\"My CMS\" \/>\n<meta property=\"article:publisher\" content=\"https:\/\/www.facebook.com\/Indic-Iniciatives-i-Din%c3%a0miques-Comunit%c3%a0ries-362170033806658\/\" \/>\n<meta property=\"article:published_time\" content=\"2023-11-01T10:04:47+00:00\" \/>\n<meta property=\"article:modified_time\" content=\"2024-07-22T10:10:42+00:00\" \/>\n<meta property=\"og:image\" content=\"https:\/\/indic.cat\/wp-content\/uploads\/2024\/07\/20231006_100817-1-scaled.jpg\" \/>\n\t<meta property=\"og:image:width\" content=\"2560\" \/>\n\t<meta property=\"og:image:height\" content=\"1920\" \/>\n\t<meta property=\"og:image:type\" content=\"image\/jpeg\" \/>\n<meta name=\"author\" content=\"Manel\" \/>\n<meta name=\"twitter:card\" content=\"summary_large_image\" \/>\n<meta name=\"twitter:creator\" content=\"@IndicSL\" \/>\n<meta name=\"twitter:site\" content=\"@IndicSL\" \/>\n<meta name=\"twitter:label1\" content=\"Escrito por\" \/>\n\t<meta name=\"twitter:data1\" content=\"Manel\" \/>\n\t<meta name=\"twitter:label2\" content=\"Tiempo de lectura\" \/>\n\t<meta name=\"twitter:data2\" content=\"2 minutos\" \/>\n<script type=\"application\/ld+json\" class=\"yoast-schema-graph\">{\"@context\":\"https:\\\/\\\/schema.org\",\"@graph\":[{\"@type\":\"Article\",\"@id\":\"https:\\\/\\\/indic.cat\\\/es\\\/sin-categorizar\\\/mas-de-250-personas-de-los-sectores-productivos-participan-en-la-conferencia-prospectiva-2023-26-del-sistema-fpcat\\\/#article\",\"isPartOf\":{\"@id\":\"https:\\\/\\\/indic.cat\\\/es\\\/sin-categorizar\\\/mas-de-250-personas-de-los-sectores-productivos-participan-en-la-conferencia-prospectiva-2023-26-del-sistema-fpcat\\\/\"},\"author\":{\"name\":\"Manel\",\"@id\":\"https:\\\/\\\/indic.cat\\\/#\\\/schema\\\/person\\\/a3529598091921cec031f0cc9190a0ef\"},\"headline\":\"M\u00e1s de 250 personas de los sectores productivos participan en la Conferencia Prospectiva 2023-26 del sistema FPCAT\",\"datePublished\":\"2023-11-01T10:04:47+00:00\",\"dateModified\":\"2024-07-22T10:10:42+00:00\",\"mainEntityOfPage\":{\"@id\":\"https:\\\/\\\/indic.cat\\\/es\\\/sin-categorizar\\\/mas-de-250-personas-de-los-sectores-productivos-participan-en-la-conferencia-prospectiva-2023-26-del-sistema-fpcat\\\/\"},\"wordCount\":203,\"image\":{\"@id\":\"https:\\\/\\\/indic.cat\\\/es\\\/sin-categorizar\\\/mas-de-250-personas-de-los-sectores-productivos-participan-en-la-conferencia-prospectiva-2023-26-del-sistema-fpcat\\\/#primaryimage\"},\"thumbnailUrl\":\"https:\\\/\\\/indic.cat\\\/wp-content\\\/uploads\\\/2024\\\/07\\\/20231006_100817-1-scaled.jpg\",\"articleSection\":[\"Sin categorizar\"],\"inLanguage\":\"es\"},{\"@type\":\"WebPage\",\"@id\":\"https:\\\/\\\/indic.cat\\\/es\\\/sin-categorizar\\\/mas-de-250-personas-de-los-sectores-productivos-participan-en-la-conferencia-prospectiva-2023-26-del-sistema-fpcat\\\/\",\"url\":\"https:\\\/\\\/indic.cat\\\/es\\\/sin-categorizar\\\/mas-de-250-personas-de-los-sectores-productivos-participan-en-la-conferencia-prospectiva-2023-26-del-sistema-fpcat\\\/\",\"name\":\"M\u00e1s de 250 personas de los sectores productivos participan en la Conferencia Prospectiva 2023-26 del sistema FPCAT - My CMS\",\"isPartOf\":{\"@id\":\"https:\\\/\\\/indic.cat\\\/#website\"},\"primaryImageOfPage\":{\"@id\":\"https:\\\/\\\/indic.cat\\\/es\\\/sin-categorizar\\\/mas-de-250-personas-de-los-sectores-productivos-participan-en-la-conferencia-prospectiva-2023-26-del-sistema-fpcat\\\/#primaryimage\"},\"image\":{\"@id\":\"https:\\\/\\\/indic.cat\\\/es\\\/sin-categorizar\\\/mas-de-250-personas-de-los-sectores-productivos-participan-en-la-conferencia-prospectiva-2023-26-del-sistema-fpcat\\\/#primaryimage\"},\"thumbnailUrl\":\"https:\\\/\\\/indic.cat\\\/wp-content\\\/uploads\\\/2024\\\/07\\\/20231006_100817-1-scaled.jpg\",\"datePublished\":\"2023-11-01T10:04:47+00:00\",\"dateModified\":\"2024-07-22T10:10:42+00:00\",\"author\":{\"@id\":\"https:\\\/\\\/indic.cat\\\/#\\\/schema\\\/person\\\/a3529598091921cec031f0cc9190a0ef\"},\"description\":\"Indic dinamiza los espacios de debate de Conferencia Prospectiva 2023-26, que ha reunido a m\u00e1s de 250 de los sectores productivos de los 10 consejos sectoriales del Sistema de Formaci\u00f3n y Cualificaci\u00f3n Profesionales de Catalu\u00f1a.\",\"breadcrumb\":{\"@id\":\"https:\\\/\\\/indic.cat\\\/es\\\/sin-categorizar\\\/mas-de-250-personas-de-los-sectores-productivos-participan-en-la-conferencia-prospectiva-2023-26-del-sistema-fpcat\\\/#breadcrumb\"},\"inLanguage\":\"es\",\"potentialAction\":[{\"@type\":\"ReadAction\",\"target\":[\"https:\\\/\\\/indic.cat\\\/es\\\/sin-categorizar\\\/mas-de-250-personas-de-los-sectores-productivos-participan-en-la-conferencia-prospectiva-2023-26-del-sistema-fpcat\\\/\"]}]},{\"@type\":\"ImageObject\",\"inLanguage\":\"es\",\"@id\":\"https:\\\/\\\/indic.cat\\\/es\\\/sin-categorizar\\\/mas-de-250-personas-de-los-sectores-productivos-participan-en-la-conferencia-prospectiva-2023-26-del-sistema-fpcat\\\/#primaryimage\",\"url\":\"https:\\\/\\\/indic.cat\\\/wp-content\\\/uploads\\\/2024\\\/07\\\/20231006_100817-1-scaled.jpg\",\"contentUrl\":\"https:\\\/\\\/indic.cat\\\/wp-content\\\/uploads\\\/2024\\\/07\\\/20231006_100817-1-scaled.jpg\",\"width\":2560,\"height\":1920,\"caption\":\"Confer\u00e8ncia Prospectiva 2023-2026 del sistema FPCAT\"},{\"@type\":\"BreadcrumbList\",\"@id\":\"https:\\\/\\\/indic.cat\\\/es\\\/sin-categorizar\\\/mas-de-250-personas-de-los-sectores-productivos-participan-en-la-conferencia-prospectiva-2023-26-del-sistema-fpcat\\\/#breadcrumb\",\"itemListElement\":[{\"@type\":\"ListItem\",\"position\":1,\"name\":\"Inici\",\"item\":\"https:\\\/\\\/indic.cat\\\/es\\\/iniciativas-y-dinamicas-comunitarias\\\/\"},{\"@type\":\"ListItem\",\"position\":2,\"name\":\"M\u00e1s de 250 personas de los sectores productivos participan en la Conferencia Prospectiva 2023-26 del sistema FPCAT\"}]},{\"@type\":\"WebSite\",\"@id\":\"https:\\\/\\\/indic.cat\\\/#website\",\"url\":\"https:\\\/\\\/indic.cat\\\/\",\"name\":\"My CMS\",\"description\":\"Iniciatives i din\u00e0miques comunit\u00e0ries\",\"potentialAction\":[{\"@type\":\"SearchAction\",\"target\":{\"@type\":\"EntryPoint\",\"urlTemplate\":\"https:\\\/\\\/indic.cat\\\/?s={search_term_string}\"},\"query-input\":{\"@type\":\"PropertyValueSpecification\",\"valueRequired\":true,\"valueName\":\"search_term_string\"}}],\"inLanguage\":\"es\"},{\"@type\":\"Person\",\"@id\":\"https:\\\/\\\/indic.cat\\\/#\\\/schema\\\/person\\\/a3529598091921cec031f0cc9190a0ef\",\"name\":\"Manel\",\"url\":\"https:\\\/\\\/indic.cat\\\/es\\\/author\\\/manel\\\/\"}]}<\/script>\n<!-- \/ Yoast SEO plugin. -->","yoast_head_json":{"title":"M\u00e1s de 250 personas de los sectores productivos participan en la Conferencia Prospectiva 2023-26 del sistema FPCAT - My CMS","description":"Indic dinamiza los espacios de debate de Conferencia Prospectiva 2023-26, que ha reunido a m\u00e1s de 250 de los sectores productivos de los 10 consejos sectoriales del Sistema de Formaci\u00f3n y Cualificaci\u00f3n Profesionales de Catalu\u00f1a.","robots":{"index":"index","follow":"follow","max-snippet":"max-snippet:-1","max-image-preview":"max-image-preview:large","max-video-preview":"max-video-preview:-1"},"canonical":"https:\/\/indic.cat\/es\/sin-categorizar\/mas-de-250-personas-de-los-sectores-productivos-participan-en-la-conferencia-prospectiva-2023-26-del-sistema-fpcat\/","og_locale":"es_ES","og_type":"article","og_title":"M\u00e1s de 250 personas de los sectores productivos participan en la Conferencia Prospectiva 2023-26 del sistema FPCAT - My CMS","og_description":"Indic dinamiza los espacios de debate de Conferencia Prospectiva 2023-26, que ha reunido a m\u00e1s de 250 de los sectores productivos de los 10 consejos sectoriales del Sistema de Formaci\u00f3n y Cualificaci\u00f3n Profesionales de Catalu\u00f1a.","og_url":"https:\/\/indic.cat\/es\/sin-categorizar\/mas-de-250-personas-de-los-sectores-productivos-participan-en-la-conferencia-prospectiva-2023-26-del-sistema-fpcat\/","og_site_name":"My CMS","article_publisher":"https:\/\/www.facebook.com\/Indic-Iniciatives-i-Din%c3%a0miques-Comunit%c3%a0ries-362170033806658\/","article_published_time":"2023-11-01T10:04:47+00:00","article_modified_time":"2024-07-22T10:10:42+00:00","og_image":[{"width":2560,"height":1920,"url":"https:\/\/indic.cat\/wp-content\/uploads\/2024\/07\/20231006_100817-1-scaled.jpg","type":"image\/jpeg"}],"author":"Manel","twitter_card":"summary_large_image","twitter_creator":"@IndicSL","twitter_site":"@IndicSL","twitter_misc":{"Escrito por":"Manel","Tiempo de lectura":"2 minutos"},"schema":{"@context":"https:\/\/schema.org","@graph":[{"@type":"Article","@id":"https:\/\/indic.cat\/es\/sin-categorizar\/mas-de-250-personas-de-los-sectores-productivos-participan-en-la-conferencia-prospectiva-2023-26-del-sistema-fpcat\/#article","isPartOf":{"@id":"https:\/\/indic.cat\/es\/sin-categorizar\/mas-de-250-personas-de-los-sectores-productivos-participan-en-la-conferencia-prospectiva-2023-26-del-sistema-fpcat\/"},"author":{"name":"Manel","@id":"https:\/\/indic.cat\/#\/schema\/person\/a3529598091921cec031f0cc9190a0ef"},"headline":"M\u00e1s de 250 personas de los sectores productivos participan en la Conferencia Prospectiva 2023-26 del sistema FPCAT","datePublished":"2023-11-01T10:04:47+00:00","dateModified":"2024-07-22T10:10:42+00:00","mainEntityOfPage":{"@id":"https:\/\/indic.cat\/es\/sin-categorizar\/mas-de-250-personas-de-los-sectores-productivos-participan-en-la-conferencia-prospectiva-2023-26-del-sistema-fpcat\/"},"wordCount":203,"image":{"@id":"https:\/\/indic.cat\/es\/sin-categorizar\/mas-de-250-personas-de-los-sectores-productivos-participan-en-la-conferencia-prospectiva-2023-26-del-sistema-fpcat\/#primaryimage"},"thumbnailUrl":"https:\/\/indic.cat\/wp-content\/uploads\/2024\/07\/20231006_100817-1-scaled.jpg","articleSection":["Sin categorizar"],"inLanguage":"es"},{"@type":"WebPage","@id":"https:\/\/indic.cat\/es\/sin-categorizar\/mas-de-250-personas-de-los-sectores-productivos-participan-en-la-conferencia-prospectiva-2023-26-del-sistema-fpcat\/","url":"https:\/\/indic.cat\/es\/sin-categorizar\/mas-de-250-personas-de-los-sectores-productivos-participan-en-la-conferencia-prospectiva-2023-26-del-sistema-fpcat\/","name":"M\u00e1s de 250 personas de los sectores productivos participan en la Conferencia Prospectiva 2023-26 del sistema FPCAT - My CMS","isPartOf":{"@id":"https:\/\/indic.cat\/#website"},"primaryImageOfPage":{"@id":"https:\/\/indic.cat\/es\/sin-categorizar\/mas-de-250-personas-de-los-sectores-productivos-participan-en-la-conferencia-prospectiva-2023-26-del-sistema-fpcat\/#primaryimage"},"image":{"@id":"https:\/\/indic.cat\/es\/sin-categorizar\/mas-de-250-personas-de-los-sectores-productivos-participan-en-la-conferencia-prospectiva-2023-26-del-sistema-fpcat\/#primaryimage"},"thumbnailUrl":"https:\/\/indic.cat\/wp-content\/uploads\/2024\/07\/20231006_100817-1-scaled.jpg","datePublished":"2023-11-01T10:04:47+00:00","dateModified":"2024-07-22T10:10:42+00:00","author":{"@id":"https:\/\/indic.cat\/#\/schema\/person\/a3529598091921cec031f0cc9190a0ef"},"description":"Indic dinamiza los espacios de debate de Conferencia Prospectiva 2023-26, que ha reunido a m\u00e1s de 250 de los sectores productivos de los 10 consejos sectoriales del Sistema de Formaci\u00f3n y Cualificaci\u00f3n Profesionales de Catalu\u00f1a.","breadcrumb":{"@id":"https:\/\/indic.cat\/es\/sin-categorizar\/mas-de-250-personas-de-los-sectores-productivos-participan-en-la-conferencia-prospectiva-2023-26-del-sistema-fpcat\/#breadcrumb"},"inLanguage":"es","potentialAction":[{"@type":"ReadAction","target":["https:\/\/indic.cat\/es\/sin-categorizar\/mas-de-250-personas-de-los-sectores-productivos-participan-en-la-conferencia-prospectiva-2023-26-del-sistema-fpcat\/"]}]},{"@type":"ImageObject","inLanguage":"es","@id":"https:\/\/indic.cat\/es\/sin-categorizar\/mas-de-250-personas-de-los-sectores-productivos-participan-en-la-conferencia-prospectiva-2023-26-del-sistema-fpcat\/#primaryimage","url":"https:\/\/indic.cat\/wp-content\/uploads\/2024\/07\/20231006_100817-1-scaled.jpg","contentUrl":"https:\/\/indic.cat\/wp-content\/uploads\/2024\/07\/20231006_100817-1-scaled.jpg","width":2560,"height":1920,"caption":"Confer\u00e8ncia Prospectiva 2023-2026 del sistema FPCAT"},{"@type":"BreadcrumbList","@id":"https:\/\/indic.cat\/es\/sin-categorizar\/mas-de-250-personas-de-los-sectores-productivos-participan-en-la-conferencia-prospectiva-2023-26-del-sistema-fpcat\/#breadcrumb","itemListElement":[{"@type":"ListItem","position":1,"name":"Inici","item":"https:\/\/indic.cat\/es\/iniciativas-y-dinamicas-comunitarias\/"},{"@type":"ListItem","position":2,"name":"M\u00e1s de 250 personas de los sectores productivos participan en la Conferencia Prospectiva 2023-26 del sistema FPCAT"}]},{"@type":"WebSite","@id":"https:\/\/indic.cat\/#website","url":"https:\/\/indic.cat\/","name":"My CMS","description":"Iniciatives i din\u00e0miques comunit\u00e0ries","potentialAction":[{"@type":"SearchAction","target":{"@type":"EntryPoint","urlTemplate":"https:\/\/indic.cat\/?s={search_term_string}"},"query-input":{"@type":"PropertyValueSpecification","valueRequired":true,"valueName":"search_term_string"}}],"inLanguage":"es"},{"@type":"Person","@id":"https:\/\/indic.cat\/#\/schema\/person\/a3529598091921cec031f0cc9190a0ef","name":"Manel","url":"https:\/\/indic.cat\/es\/author\/manel\/"}]}},"_links":{"self":[{"href":"https:\/\/indic.cat\/es\/wp-json\/wp\/v2\/posts\/5803","targetHints":{"allow":["GET"]}}],"collection":[{"href":"https:\/\/indic.cat\/es\/wp-json\/wp\/v2\/posts"}],"about":[{"href":"https:\/\/indic.cat\/es\/wp-json\/wp\/v2\/types\/post"}],"author":[{"embeddable":true,"href":"https:\/\/indic.cat\/es\/wp-json\/wp\/v2\/users\/3"}],"replies":[{"embeddable":true,"href":"https:\/\/indic.cat\/es\/wp-json\/wp\/v2\/comments?post=5803"}],"version-history":[{"count":2,"href":"https:\/\/indic.cat\/es\/wp-json\/wp\/v2\/posts\/5803\/revisions"}],"predecessor-version":[{"id":5806,"href":"https:\/\/indic.cat\/es\/wp-json\/wp\/v2\/posts\/5803\/revisions\/5806"}],"wp:featuredmedia":[{"embeddable":true,"href":"https:\/\/indic.cat\/es\/wp-json\/wp\/v2\/media\/5804"}],"wp:attachment":[{"href":"https:\/\/indic.cat\/es\/wp-json\/wp\/v2\/media?parent=5803"}],"wp:term":[{"taxonomy":"category","embeddable":true,"href":"https:\/\/indic.cat\/es\/wp-json\/wp\/v2\/categories?post=5803"},{"taxonomy":"post_tag","embeddable":true,"href":"https:\/\/indic.cat\/es\/wp-json\/wp\/v2\/tags?post=5803"}],"curies":[{"name":"wp","href":"https:\/\/api.w.org\/{rel}","templated":true}]}}