{"id":6261,"date":"2025-07-17T09:02:21","date_gmt":"2025-07-17T07:02:21","guid":{"rendered":"https:\/\/indic.cat\/?p=6261"},"modified":"2025-07-17T09:09:58","modified_gmt":"2025-07-17T07:09:58","slug":"el-parque-natural-del-montseny-avanza-en-la-redaccion-del-plan-de-proteccion-del-medio-natural-y-el-paisaje","status":"publish","type":"post","link":"https:\/\/indic.cat\/es\/sin-categorizar\/el-parque-natural-del-montseny-avanza-en-la-redaccion-del-plan-de-proteccion-del-medio-natural-y-el-paisaje\/","title":{"rendered":"El Parque Natural del Montseny avanza en la redacci\u00f3n del Plan de protecci\u00f3n del medio natural y el paisaje"},"content":{"rendered":"<div class=\"lead_noti\">\n<p>Durante el mes de junio y la primera semana de julio se han organizado seis sesiones de participaci\u00f3n para debatir y recoger propuestas para\u00a0 la redacci\u00f3n del <a href=\"https:\/\/participa311-espaisnaturals.diba.cat\/processes\/PPMNPMSY\" target=\"_blank\" rel=\"noopener\">Plan de protecci\u00f3n del medio natural y el paisaje\u202fdel Montseny<\/a>, en el marco del proceso participativo organizado por la Diputaci\u00f3n de Barcelona y la Diputaci\u00f3n de Girona. Las propuestas recogidas se tendran en cuenta para\u00a0 la redacci\u00f3n del Avance del Plan y se informar\u00e1 en una sesi\u00f3n informativa en oto\u00f1o.<\/p>\n<\/div>\n<div class=\"cos_noti\">\n<pre id=\"tw-target-text\" class=\"tw-data-text tw-text-large tw-ta\" dir=\"ltr\" data-placeholder=\"Traducci\u00f3n\" data-ved=\"2ahUKEwiJm-b5qcOOAxVKTaQEHa5bBj0Q3ewLegQICRAV\" aria-label=\"Texto traducido: n las sesiones participaron un total de 73 personas, tanto a t\u00edtulo individual como en representaci\u00f3n de 22 entidades y ayuntamientos del territorio. Se recogieron 165 propuestas que, junto con las realizadas directamente en la plataforma Participa311-Espais Naturals, que suman un total de 171 hasta el 15 de julio, ser\u00e1n estudiadas por el equipo redactor para valorar cu\u00e1les se pueden incorporar al redactado del Avance del Plan. Las propuestas est\u00e1n publicadas en la plataforma Participa311, junto con toda la informaci\u00f3n y documentaci\u00f3n de los trabajos de redacci\u00f3n del Avance del Pla. A\u00fan se pueden realizar aportaciones en este portal hasta el 31 de julio.\u00a0\r\n\r\nLas sesiones han tenido lugar en municipios distintos del Parque para facilitar la participaci\u00f3n de la ciudadan\u00eda. Se trata de Seva (11 de junio), San Esteban de Palautordera (12 de junio), Breda (18 de junio), Aiguafreda (19 de junio), La Garriga (1 de julio) y Arb\u00facies (3 de julio). Las dos primeras estuvieron centradas en cuestiones relacionadas con el uso p\u00fablico (Gaudir al Montseny), las dos siguientes en el \u00e1mbito socioecon\u00f3mico (Vivir y trabajar en el Montseny) y, las dos \u00faltimas, en la conservaci\u00f3n de la biodiversidad (Conservar el Montseny)\"><span class=\"Y2IQFc\" lang=\"es\">n las sesiones participaron un total de 73 personas, tanto a t\u00edtulo individual como en representaci\u00f3n de 22 entidades y ayuntamientos del territorio. Se recogieron 165 propuestas que, junto con las realizadas directamente en la plataforma Participa311-Espais Naturals, que suman un total de 171 hasta el 15 de julio, ser\u00e1n estudiadas por el equipo redactor para valorar cu\u00e1les se pueden incorporar al redactado del Avance del Plan. Las propuestas est\u00e1n publicadas en la plataforma Participa311, junto con toda la informaci\u00f3n y documentaci\u00f3n de los trabajos de redacci\u00f3n del Avance del Pla. A\u00fan se pueden realizar aportaciones en este portal hasta el 31 de julio.\u00a0\r\n\r\nLas sesiones han tenido lugar en municipios distintos del Parque para facilitar la participaci\u00f3n de la ciudadan\u00eda. Se trata de Seva (11 de junio), Sant Esteve de Palautordera (12 de junio), Breda (18 de junio), Aiguafreda (19 de junio), La Garriga (1 de julio) y Arb\u00facies (3 de julio). Las dos primeras estuvieron centradas en cuestiones relacionadas con el uso p\u00fablico (Disfrutar en el Montseny), las dos siguientes en el \u00e1mbito socioecon\u00f3mico (Vivir y trabajar en el Montseny) y, las dos \u00faltimas, en la conservaci\u00f3n de la biodiversidad (Conservar el Montseny)<\/span><\/pre>\n<\/div>\n","protected":false},"excerpt":{"rendered":"<p>Durante el mes de junio y la primera semana de julio se han organizado seis sesiones de participaci\u00f3n para debatir y recoger propuestas para\u00a0 la redacci\u00f3n del Plan de protecci\u00f3n del medio natural y el paisaje\u202fdel Montseny, en el marco del proceso participativo organizado por la Diputaci\u00f3n de Barcelona y la Diputaci\u00f3n de Girona. Las [&hellip;]<\/p>\n","protected":false},"author":3,"featured_media":6262,"comment_status":"closed","ping_status":"closed","sticky":false,"template":"","format":"standard","meta":{"_acf_changed":false,"footnotes":""},"categories":[2],"tags":[],"class_list":["post-6261","post","type-post","status-publish","format-standard","has-post-thumbnail","hentry","category-sin-categorizar"],"acf":[],"yoast_head":"<!-- This site is optimized with the Yoast SEO plugin v27.4 - https:\/\/yoast.com\/product\/yoast-seo-wordpress\/ -->\n<title>El Parque Natural del Montseny avanza en la redacci\u00f3n del Plan de protecci\u00f3n del medio natural y el paisaje - My CMS<\/title>\n<meta name=\"robots\" content=\"index, follow, max-snippet:-1, max-image-preview:large, max-video-preview:-1\" \/>\n<link rel=\"canonical\" href=\"https:\/\/indic.cat\/es\/sin-categorizar\/el-parque-natural-del-montseny-avanza-en-la-redaccion-del-plan-de-proteccion-del-medio-natural-y-el-paisaje\/\" \/>\n<meta property=\"og:locale\" content=\"es_ES\" \/>\n<meta property=\"og:type\" content=\"article\" \/>\n<meta property=\"og:title\" content=\"El Parque Natural del Montseny avanza en la redacci\u00f3n del Plan de protecci\u00f3n del medio natural y el paisaje - My CMS\" \/>\n<meta property=\"og:description\" content=\"Durante el mes de junio y la primera semana de julio se han organizado seis sesiones de participaci\u00f3n para debatir y recoger propuestas para\u00a0 la redacci\u00f3n del Plan de protecci\u00f3n del medio natural y el paisaje\u202fdel Montseny, en el marco del proceso participativo organizado por la Diputaci\u00f3n de Barcelona y la Diputaci\u00f3n de Girona. Las [&hellip;]\" \/>\n<meta property=\"og:url\" content=\"https:\/\/indic.cat\/es\/sin-categorizar\/el-parque-natural-del-montseny-avanza-en-la-redaccion-del-plan-de-proteccion-del-medio-natural-y-el-paisaje\/\" \/>\n<meta property=\"og:site_name\" content=\"My CMS\" \/>\n<meta property=\"article:publisher\" content=\"https:\/\/www.facebook.com\/Indic-Iniciatives-i-Din%c3%a0miques-Comunit%c3%a0ries-362170033806658\/\" \/>\n<meta property=\"article:published_time\" content=\"2025-07-17T07:02:21+00:00\" \/>\n<meta property=\"article:modified_time\" content=\"2025-07-17T07:09:58+00:00\" \/>\n<meta property=\"og:image\" content=\"https:\/\/indic.cat\/wp-content\/uploads\/2025\/07\/Montseny_Viure_Aiguafreda-1.jpg\" \/>\n\t<meta property=\"og:image:width\" content=\"650\" \/>\n\t<meta property=\"og:image:height\" content=\"470\" \/>\n\t<meta property=\"og:image:type\" content=\"image\/jpeg\" \/>\n<meta name=\"author\" content=\"Manel\" \/>\n<meta name=\"twitter:card\" content=\"summary_large_image\" \/>\n<meta name=\"twitter:creator\" content=\"@IndicSL\" \/>\n<meta name=\"twitter:site\" content=\"@IndicSL\" \/>\n<meta name=\"twitter:label1\" content=\"Escrito por\" \/>\n\t<meta name=\"twitter:data1\" content=\"Manel\" \/>\n\t<meta name=\"twitter:label2\" content=\"Tiempo de lectura\" \/>\n\t<meta name=\"twitter:data2\" content=\"1 minuto\" \/>\n<script type=\"application\/ld+json\" class=\"yoast-schema-graph\">{\"@context\":\"https:\\\/\\\/schema.org\",\"@graph\":[{\"@type\":\"Article\",\"@id\":\"https:\\\/\\\/indic.cat\\\/es\\\/sin-categorizar\\\/el-parque-natural-del-montseny-avanza-en-la-redaccion-del-plan-de-proteccion-del-medio-natural-y-el-paisaje\\\/#article\",\"isPartOf\":{\"@id\":\"https:\\\/\\\/indic.cat\\\/es\\\/sin-categorizar\\\/el-parque-natural-del-montseny-avanza-en-la-redaccion-del-plan-de-proteccion-del-medio-natural-y-el-paisaje\\\/\"},\"author\":{\"name\":\"Manel\",\"@id\":\"https:\\\/\\\/indic.cat\\\/#\\\/schema\\\/person\\\/a3529598091921cec031f0cc9190a0ef\"},\"headline\":\"El Parque Natural del Montseny avanza en la redacci\u00f3n del Plan de protecci\u00f3n del medio natural y el paisaje\",\"datePublished\":\"2025-07-17T07:02:21+00:00\",\"dateModified\":\"2025-07-17T07:09:58+00:00\",\"mainEntityOfPage\":{\"@id\":\"https:\\\/\\\/indic.cat\\\/es\\\/sin-categorizar\\\/el-parque-natural-del-montseny-avanza-en-la-redaccion-del-plan-de-proteccion-del-medio-natural-y-el-paisaje\\\/\"},\"wordCount\":107,\"image\":{\"@id\":\"https:\\\/\\\/indic.cat\\\/es\\\/sin-categorizar\\\/el-parque-natural-del-montseny-avanza-en-la-redaccion-del-plan-de-proteccion-del-medio-natural-y-el-paisaje\\\/#primaryimage\"},\"thumbnailUrl\":\"https:\\\/\\\/indic.cat\\\/wp-content\\\/uploads\\\/2025\\\/07\\\/Montseny_Viure_Aiguafreda-1.jpg\",\"articleSection\":[\"Sin categorizar\"],\"inLanguage\":\"es\"},{\"@type\":\"WebPage\",\"@id\":\"https:\\\/\\\/indic.cat\\\/es\\\/sin-categorizar\\\/el-parque-natural-del-montseny-avanza-en-la-redaccion-del-plan-de-proteccion-del-medio-natural-y-el-paisaje\\\/\",\"url\":\"https:\\\/\\\/indic.cat\\\/es\\\/sin-categorizar\\\/el-parque-natural-del-montseny-avanza-en-la-redaccion-del-plan-de-proteccion-del-medio-natural-y-el-paisaje\\\/\",\"name\":\"El Parque Natural del Montseny avanza en la redacci\u00f3n del Plan de protecci\u00f3n del medio natural y el paisaje - My CMS\",\"isPartOf\":{\"@id\":\"https:\\\/\\\/indic.cat\\\/#website\"},\"primaryImageOfPage\":{\"@id\":\"https:\\\/\\\/indic.cat\\\/es\\\/sin-categorizar\\\/el-parque-natural-del-montseny-avanza-en-la-redaccion-del-plan-de-proteccion-del-medio-natural-y-el-paisaje\\\/#primaryimage\"},\"image\":{\"@id\":\"https:\\\/\\\/indic.cat\\\/es\\\/sin-categorizar\\\/el-parque-natural-del-montseny-avanza-en-la-redaccion-del-plan-de-proteccion-del-medio-natural-y-el-paisaje\\\/#primaryimage\"},\"thumbnailUrl\":\"https:\\\/\\\/indic.cat\\\/wp-content\\\/uploads\\\/2025\\\/07\\\/Montseny_Viure_Aiguafreda-1.jpg\",\"datePublished\":\"2025-07-17T07:02:21+00:00\",\"dateModified\":\"2025-07-17T07:09:58+00:00\",\"author\":{\"@id\":\"https:\\\/\\\/indic.cat\\\/#\\\/schema\\\/person\\\/a3529598091921cec031f0cc9190a0ef\"},\"breadcrumb\":{\"@id\":\"https:\\\/\\\/indic.cat\\\/es\\\/sin-categorizar\\\/el-parque-natural-del-montseny-avanza-en-la-redaccion-del-plan-de-proteccion-del-medio-natural-y-el-paisaje\\\/#breadcrumb\"},\"inLanguage\":\"es\",\"potentialAction\":[{\"@type\":\"ReadAction\",\"target\":[\"https:\\\/\\\/indic.cat\\\/es\\\/sin-categorizar\\\/el-parque-natural-del-montseny-avanza-en-la-redaccion-del-plan-de-proteccion-del-medio-natural-y-el-paisaje\\\/\"]}]},{\"@type\":\"ImageObject\",\"inLanguage\":\"es\",\"@id\":\"https:\\\/\\\/indic.cat\\\/es\\\/sin-categorizar\\\/el-parque-natural-del-montseny-avanza-en-la-redaccion-del-plan-de-proteccion-del-medio-natural-y-el-paisaje\\\/#primaryimage\",\"url\":\"https:\\\/\\\/indic.cat\\\/wp-content\\\/uploads\\\/2025\\\/07\\\/Montseny_Viure_Aiguafreda-1.jpg\",\"contentUrl\":\"https:\\\/\\\/indic.cat\\\/wp-content\\\/uploads\\\/2025\\\/07\\\/Montseny_Viure_Aiguafreda-1.jpg\",\"width\":650,\"height\":470},{\"@type\":\"BreadcrumbList\",\"@id\":\"https:\\\/\\\/indic.cat\\\/es\\\/sin-categorizar\\\/el-parque-natural-del-montseny-avanza-en-la-redaccion-del-plan-de-proteccion-del-medio-natural-y-el-paisaje\\\/#breadcrumb\",\"itemListElement\":[{\"@type\":\"ListItem\",\"position\":1,\"name\":\"Inici\",\"item\":\"https:\\\/\\\/indic.cat\\\/es\\\/iniciativas-y-dinamicas-comunitarias\\\/\"},{\"@type\":\"ListItem\",\"position\":2,\"name\":\"El Parque Natural del Montseny avanza en la redacci\u00f3n del Plan de protecci\u00f3n del medio natural y el paisaje\"}]},{\"@type\":\"WebSite\",\"@id\":\"https:\\\/\\\/indic.cat\\\/#website\",\"url\":\"https:\\\/\\\/indic.cat\\\/\",\"name\":\"My CMS\",\"description\":\"Iniciatives i din\u00e0miques comunit\u00e0ries\",\"potentialAction\":[{\"@type\":\"SearchAction\",\"target\":{\"@type\":\"EntryPoint\",\"urlTemplate\":\"https:\\\/\\\/indic.cat\\\/?s={search_term_string}\"},\"query-input\":{\"@type\":\"PropertyValueSpecification\",\"valueRequired\":true,\"valueName\":\"search_term_string\"}}],\"inLanguage\":\"es\"},{\"@type\":\"Person\",\"@id\":\"https:\\\/\\\/indic.cat\\\/#\\\/schema\\\/person\\\/a3529598091921cec031f0cc9190a0ef\",\"name\":\"Manel\",\"url\":\"https:\\\/\\\/indic.cat\\\/es\\\/author\\\/manel\\\/\"}]}<\/script>\n<!-- \/ Yoast SEO plugin. -->","yoast_head_json":{"title":"El Parque Natural del Montseny avanza en la redacci\u00f3n del Plan de protecci\u00f3n del medio natural y el paisaje - My CMS","robots":{"index":"index","follow":"follow","max-snippet":"max-snippet:-1","max-image-preview":"max-image-preview:large","max-video-preview":"max-video-preview:-1"},"canonical":"https:\/\/indic.cat\/es\/sin-categorizar\/el-parque-natural-del-montseny-avanza-en-la-redaccion-del-plan-de-proteccion-del-medio-natural-y-el-paisaje\/","og_locale":"es_ES","og_type":"article","og_title":"El Parque Natural del Montseny avanza en la redacci\u00f3n del Plan de protecci\u00f3n del medio natural y el paisaje - My CMS","og_description":"Durante el mes de junio y la primera semana de julio se han organizado seis sesiones de participaci\u00f3n para debatir y recoger propuestas para\u00a0 la redacci\u00f3n del Plan de protecci\u00f3n del medio natural y el paisaje\u202fdel Montseny, en el marco del proceso participativo organizado por la Diputaci\u00f3n de Barcelona y la Diputaci\u00f3n de Girona. Las [&hellip;]","og_url":"https:\/\/indic.cat\/es\/sin-categorizar\/el-parque-natural-del-montseny-avanza-en-la-redaccion-del-plan-de-proteccion-del-medio-natural-y-el-paisaje\/","og_site_name":"My CMS","article_publisher":"https:\/\/www.facebook.com\/Indic-Iniciatives-i-Din%c3%a0miques-Comunit%c3%a0ries-362170033806658\/","article_published_time":"2025-07-17T07:02:21+00:00","article_modified_time":"2025-07-17T07:09:58+00:00","og_image":[{"width":650,"height":470,"url":"https:\/\/indic.cat\/wp-content\/uploads\/2025\/07\/Montseny_Viure_Aiguafreda-1.jpg","type":"image\/jpeg"}],"author":"Manel","twitter_card":"summary_large_image","twitter_creator":"@IndicSL","twitter_site":"@IndicSL","twitter_misc":{"Escrito por":"Manel","Tiempo de lectura":"1 minuto"},"schema":{"@context":"https:\/\/schema.org","@graph":[{"@type":"Article","@id":"https:\/\/indic.cat\/es\/sin-categorizar\/el-parque-natural-del-montseny-avanza-en-la-redaccion-del-plan-de-proteccion-del-medio-natural-y-el-paisaje\/#article","isPartOf":{"@id":"https:\/\/indic.cat\/es\/sin-categorizar\/el-parque-natural-del-montseny-avanza-en-la-redaccion-del-plan-de-proteccion-del-medio-natural-y-el-paisaje\/"},"author":{"name":"Manel","@id":"https:\/\/indic.cat\/#\/schema\/person\/a3529598091921cec031f0cc9190a0ef"},"headline":"El Parque Natural del Montseny avanza en la redacci\u00f3n del Plan de protecci\u00f3n del medio natural y el paisaje","datePublished":"2025-07-17T07:02:21+00:00","dateModified":"2025-07-17T07:09:58+00:00","mainEntityOfPage":{"@id":"https:\/\/indic.cat\/es\/sin-categorizar\/el-parque-natural-del-montseny-avanza-en-la-redaccion-del-plan-de-proteccion-del-medio-natural-y-el-paisaje\/"},"wordCount":107,"image":{"@id":"https:\/\/indic.cat\/es\/sin-categorizar\/el-parque-natural-del-montseny-avanza-en-la-redaccion-del-plan-de-proteccion-del-medio-natural-y-el-paisaje\/#primaryimage"},"thumbnailUrl":"https:\/\/indic.cat\/wp-content\/uploads\/2025\/07\/Montseny_Viure_Aiguafreda-1.jpg","articleSection":["Sin categorizar"],"inLanguage":"es"},{"@type":"WebPage","@id":"https:\/\/indic.cat\/es\/sin-categorizar\/el-parque-natural-del-montseny-avanza-en-la-redaccion-del-plan-de-proteccion-del-medio-natural-y-el-paisaje\/","url":"https:\/\/indic.cat\/es\/sin-categorizar\/el-parque-natural-del-montseny-avanza-en-la-redaccion-del-plan-de-proteccion-del-medio-natural-y-el-paisaje\/","name":"El Parque Natural del Montseny avanza en la redacci\u00f3n del Plan de protecci\u00f3n del medio natural y el paisaje - My CMS","isPartOf":{"@id":"https:\/\/indic.cat\/#website"},"primaryImageOfPage":{"@id":"https:\/\/indic.cat\/es\/sin-categorizar\/el-parque-natural-del-montseny-avanza-en-la-redaccion-del-plan-de-proteccion-del-medio-natural-y-el-paisaje\/#primaryimage"},"image":{"@id":"https:\/\/indic.cat\/es\/sin-categorizar\/el-parque-natural-del-montseny-avanza-en-la-redaccion-del-plan-de-proteccion-del-medio-natural-y-el-paisaje\/#primaryimage"},"thumbnailUrl":"https:\/\/indic.cat\/wp-content\/uploads\/2025\/07\/Montseny_Viure_Aiguafreda-1.jpg","datePublished":"2025-07-17T07:02:21+00:00","dateModified":"2025-07-17T07:09:58+00:00","author":{"@id":"https:\/\/indic.cat\/#\/schema\/person\/a3529598091921cec031f0cc9190a0ef"},"breadcrumb":{"@id":"https:\/\/indic.cat\/es\/sin-categorizar\/el-parque-natural-del-montseny-avanza-en-la-redaccion-del-plan-de-proteccion-del-medio-natural-y-el-paisaje\/#breadcrumb"},"inLanguage":"es","potentialAction":[{"@type":"ReadAction","target":["https:\/\/indic.cat\/es\/sin-categorizar\/el-parque-natural-del-montseny-avanza-en-la-redaccion-del-plan-de-proteccion-del-medio-natural-y-el-paisaje\/"]}]},{"@type":"ImageObject","inLanguage":"es","@id":"https:\/\/indic.cat\/es\/sin-categorizar\/el-parque-natural-del-montseny-avanza-en-la-redaccion-del-plan-de-proteccion-del-medio-natural-y-el-paisaje\/#primaryimage","url":"https:\/\/indic.cat\/wp-content\/uploads\/2025\/07\/Montseny_Viure_Aiguafreda-1.jpg","contentUrl":"https:\/\/indic.cat\/wp-content\/uploads\/2025\/07\/Montseny_Viure_Aiguafreda-1.jpg","width":650,"height":470},{"@type":"BreadcrumbList","@id":"https:\/\/indic.cat\/es\/sin-categorizar\/el-parque-natural-del-montseny-avanza-en-la-redaccion-del-plan-de-proteccion-del-medio-natural-y-el-paisaje\/#breadcrumb","itemListElement":[{"@type":"ListItem","position":1,"name":"Inici","item":"https:\/\/indic.cat\/es\/iniciativas-y-dinamicas-comunitarias\/"},{"@type":"ListItem","position":2,"name":"El Parque Natural del Montseny avanza en la redacci\u00f3n del Plan de protecci\u00f3n del medio natural y el paisaje"}]},{"@type":"WebSite","@id":"https:\/\/indic.cat\/#website","url":"https:\/\/indic.cat\/","name":"My CMS","description":"Iniciatives i din\u00e0miques comunit\u00e0ries","potentialAction":[{"@type":"SearchAction","target":{"@type":"EntryPoint","urlTemplate":"https:\/\/indic.cat\/?s={search_term_string}"},"query-input":{"@type":"PropertyValueSpecification","valueRequired":true,"valueName":"search_term_string"}}],"inLanguage":"es"},{"@type":"Person","@id":"https:\/\/indic.cat\/#\/schema\/person\/a3529598091921cec031f0cc9190a0ef","name":"Manel","url":"https:\/\/indic.cat\/es\/author\/manel\/"}]}},"_links":{"self":[{"href":"https:\/\/indic.cat\/es\/wp-json\/wp\/v2\/posts\/6261","targetHints":{"allow":["GET"]}}],"collection":[{"href":"https:\/\/indic.cat\/es\/wp-json\/wp\/v2\/posts"}],"about":[{"href":"https:\/\/indic.cat\/es\/wp-json\/wp\/v2\/types\/post"}],"author":[{"embeddable":true,"href":"https:\/\/indic.cat\/es\/wp-json\/wp\/v2\/users\/3"}],"replies":[{"embeddable":true,"href":"https:\/\/indic.cat\/es\/wp-json\/wp\/v2\/comments?post=6261"}],"version-history":[{"count":1,"href":"https:\/\/indic.cat\/es\/wp-json\/wp\/v2\/posts\/6261\/revisions"}],"predecessor-version":[{"id":6263,"href":"https:\/\/indic.cat\/es\/wp-json\/wp\/v2\/posts\/6261\/revisions\/6263"}],"wp:featuredmedia":[{"embeddable":true,"href":"https:\/\/indic.cat\/es\/wp-json\/wp\/v2\/media\/6262"}],"wp:attachment":[{"href":"https:\/\/indic.cat\/es\/wp-json\/wp\/v2\/media?parent=6261"}],"wp:term":[{"taxonomy":"category","embeddable":true,"href":"https:\/\/indic.cat\/es\/wp-json\/wp\/v2\/categories?post=6261"},{"taxonomy":"post_tag","embeddable":true,"href":"https:\/\/indic.cat\/es\/wp-json\/wp\/v2\/tags?post=6261"}],"curies":[{"name":"wp","href":"https:\/\/api.w.org\/{rel}","templated":true}]}}